{"id":896231,"date":"2016-06-03T07:26:49","date_gmt":"2016-06-03T07:26:49","guid":{"rendered":"https:\/\/wpml.org\/fr\/2016\/06\/communaute-wordpress-a-seville\/"},"modified":"2016-06-03T07:26:49","modified_gmt":"2016-06-03T07:26:49","slug":"communaute-wordpress-a-seville","status":"publish","type":"post","link":"https:\/\/wpml.org\/fr\/communaute\/2016\/06\/communaute-wordpress-a-seville\/","title":{"rendered":"Communaut\u00e9 WordPress \u00e0 S\u00e9ville"},"content":{"rendered":"<p>Cela fait pr\u00e8s d&rsquo;un an et demi que je vis \u00e0 S\u00e9ville en Espagne. Entrer en contact avec la communaut\u00e9 WordPress a \u00e9t\u00e9 un \u00e9l\u00e9ment fondamental de ma nouvelle vie dans ce pays.<\/p>\n<p>Quelques jours apr\u00e8s mon arriv\u00e9e, je me suis mis en qu\u00eate de trouver une r\u00e9union locale de WordPress. Ces groupes sont g\u00e9n\u00e9ralement assez actifs puisqu&rsquo;ils organisent une session une fois par mois (ou plus) accueillant quelque 20 participants. Cette fr\u00e9quence et la taille de l&rsquo;\u00e9v\u00e9nement vous permet d&rsquo;entrer en contact rapidement avec votre communaut\u00e9 et, pour les plus timides, ces r\u00e9unions sont moins terrifiantes que d&rsquo;assister \u00e0 un WordCamp o\u00f9 le nombre de participants peut atteindre facilement les 200.<\/p>\n<p>Jusqu&rsquo;\u00e0 pr\u00e9sent, j&rsquo;ai rencontr\u00e9 un grand nombre d&rsquo;amateurs de WordPress de toute l&rsquo;Espagne parce que la communaut\u00e9 est bien interconnect\u00e9e. Je suis impressionn\u00e9 par le degr\u00e9 d&rsquo;activit\u00e9 de celle-ci et d&rsquo;organisation d&rsquo;\u00e9v\u00e9nements dans tout le pays. Le groupe sur Slack est actif et c&rsquo;est un bon moyen de savoir ce qui se passe, o\u00f9 aura lieu le prochain \u00e9v\u00e9nement, de recevoir des offres d&#8217;emploi ou tout simplement de socialiser et de conna\u00eetre d&rsquo;autres personnes.<\/p>\n<p><img decoding=\"async\" class=\"alignleft size-medium wp-image-890140\" src=\"https:\/\/wpml.org\/wp-content\/uploads\/2016\/05\/wordcamp-europe-2015-300x188.png\" alt=\"wordcamp-europe-2015\" width=\"300\" height=\"188\" srcset=\"https:\/\/wpml.org\/wp-content\/uploads\/2016\/05\/wordcamp-europe-2015-300x188.png 300w, https:\/\/wpml.org\/wp-content\/uploads\/2016\/05\/wordcamp-europe-2015-150x94.png 150w, https:\/\/wpml.org\/wp-content\/uploads\/2016\/05\/wordcamp-europe-2015-768x482.png 768w, https:\/\/wpml.org\/wp-content\/uploads\/2016\/05\/wordcamp-europe-2015-1024x643.png 1024w, https:\/\/wpml.org\/wp-content\/uploads\/2016\/05\/wordcamp-europe-2015.png 2000w\" sizes=\"(max-width: 300px) 100vw, 300px\" \/>WordCamp Europe 2015 a inspir\u00e9 une foule d&rsquo;activit\u00e9s de la communaut\u00e9 WordPress en Espagne. Si vous n&rsquo;\u00eates pas familier avec l&rsquo;\u00e9v\u00e9nement, WordCamp Europe est le WordCamp le plus important en Europe. 1 200 personnes ont assist\u00e9 au dernier \u00e9v\u00e9nement (je crois) et, cette ann\u00e9e, nous nous attendons quelque 2 200 participants. Imaginez donc la port\u00e9e de ces \u00e9v\u00e9nements.<\/p>\n<p>Dans cette perspective, j&rsquo;ai eu l&rsquo;occasion de parler lors de diff\u00e9rentes rencontres WordPress \u00e0 Madrid, S\u00e9ville, Cadix et j&rsquo;\u00e9tais m\u00eame sur le point de faire mes d\u00e9buts lors de mon premier WordCamp Bilbao. J&rsquo;ai \u00e9galement particip\u00e9 \u00e0 de nombreuses r\u00e9unions ici \u00e0 S\u00e9ville, et nous nous pr\u00e9parons pour le prochain WordCamp Sevilla.<\/p>\n<p>Si vous songez \u00e0 rejoindre la communaut\u00e9 WordPress en Espagne, n&rsquo;h\u00e9sitez pas. Nous partageons non seulement un esprit g\u00e9n\u00e9reux de connaissance, mais \u00e9galement ce sens chaleureux de l&rsquo;accueil espagnol qui vous fait sentir imm\u00e9diatement bienvenu.<\/p>\n","protected":false},"excerpt":{"rendered":"<p>Cela fait pr\u00e8s d&rsquo;un an et demi que je vis \u00e0 S\u00e9ville en Espagne. Entrer en contact avec la communaut\u00e9 WordPress a \u00e9t\u00e9 un \u00e9l\u00e9ment fondamental de ma nouvelle vie dans ce pays. Quelques jours apr\u00e8s mon arriv\u00e9e, je me suis mis en qu\u00eate de trouver une r\u00e9union locale de WordPress. Ces groupes sont g\u00e9n\u00e9ralement [&hellip;]<\/p>\n","protected":false},"author":102444,"featured_media":13994683,"comment_status":"closed","ping_status":"closed","sticky":false,"template":"","format":"standard","meta":{"_bbp_topic_count":0,"_bbp_reply_count":0,"_bbp_total_topic_count":0,"_bbp_total_reply_count":0,"_bbp_voice_count":0,"_bbp_anonymous_reply_count":0,"_bbp_topic_count_hidden":0,"_bbp_reply_count_hidden":0,"_bbp_forum_subforum_count":0,"ep_exclude_from_search":false,"footnotes":""},"categories":[10770],"tags":[],"class_list":["post-896231","post","type-post","status-publish","format-standard","has-post-thumbnail","hentry","category-communaute"],"_links":{"self":[{"href":"https:\/\/wpml.org\/fr\/wp-json\/wp\/v2\/posts\/896231","targetHints":{"allow":["GET"]}}],"collection":[{"href":"https:\/\/wpml.org\/fr\/wp-json\/wp\/v2\/posts"}],"about":[{"href":"https:\/\/wpml.org\/fr\/wp-json\/wp\/v2\/types\/post"}],"author":[{"embeddable":true,"href":"https:\/\/wpml.org\/fr\/wp-json\/wp\/v2\/users\/102444"}],"replies":[{"embeddable":true,"href":"https:\/\/wpml.org\/fr\/wp-json\/wp\/v2\/comments?post=896231"}],"version-history":[{"count":0,"href":"https:\/\/wpml.org\/fr\/wp-json\/wp\/v2\/posts\/896231\/revisions"}],"wp:featuredmedia":[{"embeddable":true,"href":"https:\/\/wpml.org\/fr\/wp-json\/wp\/v2\/media\/13994683"}],"wp:attachment":[{"href":"https:\/\/wpml.org\/fr\/wp-json\/wp\/v2\/media?parent=896231"}],"wp:term":[{"taxonomy":"category","embeddable":true,"href":"https:\/\/wpml.org\/fr\/wp-json\/wp\/v2\/categories?post=896231"},{"taxonomy":"post_tag","embeddable":true,"href":"https:\/\/wpml.org\/fr\/wp-json\/wp\/v2\/tags?post=896231"}],"curies":[{"name":"wp","href":"https:\/\/api.w.org\/{rel}","templated":true}]}}